{"id":38267,"date":"2026-07-16T14:22:23","date_gmt":"2026-07-16T14:22:23","guid":{"rendered":"https:\/\/portoinabottle.com\/douro-vins-avec-identite-et-territoire\/"},"modified":"2026-07-16T16:19:16","modified_gmt":"2026-07-16T16:19:16","slug":"douro-vins-avec-identite-et-territoire","status":"publish","type":"post","link":"https:\/\/portoinabottle.com\/fr\/douro-vins-avec-identite-et-territoire\/","title":{"rendered":"Douro : vins avec identit\u00e9 et territoire"},"content":{"rendered":"<p>Le Douro est l\u2019une des r\u00e9gions viticoles les plus embl\u00e9matiques du Portugal.<\/p>\n<p>Ses pentes, son climat et ses sols schistiques cr\u00e9ent des conditions uniques pour la production de vins intenses, \u00e9l\u00e9gants et riches en caract\u00e8re.<\/p>\n<p>Chaque producteur interpr\u00e8te le territoire diff\u00e9remment, donnant naissance \u00e0 des vins qui racontent des histoires de tradition, de famille et de d\u00e9vouement.<\/p>\n<p>Nous avons s\u00e9lectionn\u00e9 des r\u00e9f\u00e9rences qui repr\u00e9sentent la diversit\u00e9 et l\u2019authenticit\u00e9 de cette r\u00e9gion.<\/p>\n","protected":false},"excerpt":{"rendered":"<p>Le Douro est une r\u00e9gion unique, marqu\u00e9e par des paysages extraordinaires, des c\u00e9pages traditionnels et des vins dot\u00e9s d\u2019une grande personnalit\u00e9.<\/p>\n","protected":false},"author":4,"featured_media":37907,"comment_status":"closed","ping_status":"closed","sticky":false,"template":"","format":"standard","meta":{"footnotes":""},"categories":[533],"tags":[546,548,549,547],"class_list":["post-38267","post","type-post","status-publish","format-standard","has-post-thumbnail","hentry","category-vins-et-experiences","tag-douro","tag-terroir","tag-tradition","tag-vins-portugais"],"_links":{"self":[{"href":"https:\/\/portoinabottle.com\/fr\/wp-json\/wp\/v2\/posts\/38267","targetHints":{"allow":["GET"]}}],"collection":[{"href":"https:\/\/portoinabottle.com\/fr\/wp-json\/wp\/v2\/posts"}],"about":[{"href":"https:\/\/portoinabottle.com\/fr\/wp-json\/wp\/v2\/types\/post"}],"author":[{"embeddable":true,"href":"https:\/\/portoinabottle.com\/fr\/wp-json\/wp\/v2\/users\/4"}],"replies":[{"embeddable":true,"href":"https:\/\/portoinabottle.com\/fr\/wp-json\/wp\/v2\/comments?post=38267"}],"version-history":[{"count":1,"href":"https:\/\/portoinabottle.com\/fr\/wp-json\/wp\/v2\/posts\/38267\/revisions"}],"predecessor-version":[{"id":38278,"href":"https:\/\/portoinabottle.com\/fr\/wp-json\/wp\/v2\/posts\/38267\/revisions\/38278"}],"wp:featuredmedia":[{"embeddable":true,"href":"https:\/\/portoinabottle.com\/fr\/wp-json\/wp\/v2\/media\/37907"}],"wp:attachment":[{"href":"https:\/\/portoinabottle.com\/fr\/wp-json\/wp\/v2\/media?parent=38267"}],"wp:term":[{"taxonomy":"category","embeddable":true,"href":"https:\/\/portoinabottle.com\/fr\/wp-json\/wp\/v2\/categories?post=38267"},{"taxonomy":"post_tag","embeddable":true,"href":"https:\/\/portoinabottle.com\/fr\/wp-json\/wp\/v2\/tags?post=38267"}],"curies":[{"name":"wp","href":"https:\/\/api.w.org\/{rel}","templated":true}]}}